{"id":311,"date":"2023-11-23T20:32:08","date_gmt":"2023-11-23T23:32:08","guid":{"rendered":"https:\/\/parceriaeducativa.com.br\/?p=311"},"modified":"2024-07-15T14:55:24","modified_gmt":"2024-07-15T17:55:24","slug":"atividade-numero-8","status":"publish","type":"post","link":"https:\/\/parceriaeducativa.com.br\/index.php\/2023\/11\/23\/atividade-numero-8\/","title":{"rendered":"Atividades com o n\u00famero 8"},"content":{"rendered":"<p><span style=\"font-family: arial, helvetica, sans-serif; font-size: 14pt;\">Aqui v\u00e3o algumas sugest\u00f5es separadas de atividades com o n\u00famero 8 para trabalhar de forma tranquila e envolvente.<\/span><\/p>\n<div class=\"w-full text-token-text-primary border-b border-black\/10 gizmo:border-0 dark:border-gray-900\/50 gizmo:dark:border-0 bg-gray-50 gizmo:bg-transparent dark:bg-[#444654] gizmo:dark:bg-transparent\" data-testid=\"conversation-turn-3\">\n<div class=\"p-4 gizmo:py-2 justify-center text-base md:gap-6 md:py-6 m-auto\">\n<div class=\"flex flex-1 gap-4 text-base mx-auto md:gap-6 gizmo:gap-3 gizmo:md:px-5 gizmo:lg:px-1 gizmo:xl:px-5 md:max-w-2xl lg:max-w-[38rem] gizmo:md:max-w-3xl gizmo:lg:max-w-[40rem] gizmo:xl:max-w-[48rem] xl:max-w-3xl } group\">\n<div class=\"relative flex w-[calc(100%-50px)] flex-col gizmo:w-full lg:w-[calc(100%-115px)] agent-turn\">\n<div class=\"flex-col gap-1 md:gap-3\">\n<div class=\"flex flex-grow flex-col max-w-full gap-3 gizmo:gap-0\">\n<div class=\"min-h-[20px] text-message flex flex-col items-start gap-3 whitespace-pre-wrap break-words [.text-message+&amp;]:mt-5 overflow-x-auto\" data-message-author-role=\"assistant\" data-message-id=\"6467bd15-b2f8-4583-99e1-ea37d2408c11\">\n<div class=\"markdown prose w-full break-words dark:prose-invert light\">\n<p><a href=\"https:\/\/parceriaeducativa.com.br\/wp-content\/uploads\/2023\/11\/ATIVIDADE-COMPLETAR-NUMEROS-ATE-8.pdf\" target=\"_blank\" rel=\"noopener\"><img loading=\"lazy\" decoding=\"async\" class=\"alignnone\" src=\"https:\/\/parceriaeducativa.com.br\/wp-content\/uploads\/2023\/11\/ATIVIDADE-COMPLETAR-NUMEROS-ATE-8-pdf.jpg\" alt=\"Atividade n\u00fameros\" width=\"274\" height=\"387\" \/><\/a><\/p>\n<p><a href=\"https:\/\/parceriaeducativa.com.br\/wp-content\/uploads\/2023\/11\/ATIVIDADE-NUMERO-8-CONTAR.pdf\" target=\"_blank\" rel=\"noopener\"><img loading=\"lazy\" decoding=\"async\" class=\"alignnone\" src=\"https:\/\/parceriaeducativa.com.br\/wp-content\/uploads\/2023\/11\/ATIVIDADE-NUMERO-8-CONTAR-pdf.jpg\" alt=\"Atividade matem\u00e1tica\" width=\"279\" height=\"395\" \/><\/a><\/p>\n<p><a href=\"https:\/\/parceriaeducativa.com.br\/wp-content\/uploads\/2023\/11\/ATIVIDADE-NUMERO-8-E-ATENCAO.pdf\" target=\"_blank\" rel=\"noopener\"><img loading=\"lazy\" decoding=\"async\" class=\"alignnone\" src=\"https:\/\/parceriaeducativa.com.br\/wp-content\/uploads\/2023\/11\/ATIVIDADE-NUMERO-8-E-ATENCAO-pdf.jpg\" alt=\"Atividade pronta n\u00famero e aten\u00e7\u00e3o\" width=\"284\" height=\"402\" \/><\/a><\/p>\n<p><a href=\"https:\/\/parceriaeducativa.com.br\/wp-content\/uploads\/2023\/11\/ATIVIDADE-NUMERO-8-PINTURA-E-QUANTIDADE.pdf\" target=\"_blank\" rel=\"noopener\"><img loading=\"lazy\" decoding=\"async\" class=\"alignnone\" src=\"https:\/\/parceriaeducativa.com.br\/wp-content\/uploads\/2023\/11\/ATIVIDADE-NUMERO-8-PINTURA-E-QUANTIDADE-pdf.jpg\" alt=\"Atividade pronta n\u00fameros\" width=\"280\" height=\"397\" \/><\/a><\/p>\n<p><a href=\"https:\/\/parceriaeducativa.com.br\/wp-content\/uploads\/2023\/11\/ATIVIDADE-NUMERO-8-PINTURA.pdf\" target=\"_blank\" rel=\"noopener\"><img loading=\"lazy\" decoding=\"async\" class=\"alignnone\" src=\"https:\/\/parceriaeducativa.com.br\/wp-content\/uploads\/2023\/11\/ATIVIDADE-NUMERO-8-PINTURA-pdf.jpg\" alt=\"Atividade n\u00famero 8 para educa\u00e7\u00e3o educa\u00e7\u00e3o infantil\" width=\"279\" height=\"395\" \/><\/a><\/p>\n<p><a href=\"https:\/\/parceriaeducativa.com.br\/wp-content\/uploads\/2023\/11\/ATIVIDADE-NUMERO-8-PONTILHADO.pdf\" target=\"_blank\" rel=\"noopener\"><img loading=\"lazy\" decoding=\"async\" class=\"alignnone\" src=\"https:\/\/parceriaeducativa.com.br\/wp-content\/uploads\/2023\/11\/ATIVIDADE-NUMERO-8-PONTILHADO-pdf.jpg\" alt=\"Atividade pronta n\u00famero 8\" width=\"277\" height=\"392\" \/><\/a><\/p>\n<p><a href=\"https:\/\/parceriaeducativa.com.br\/wp-content\/uploads\/2023\/11\/ATIVIDADE-NUMERO-8-QUANTIDADE-1.pdf\" target=\"_blank\" rel=\"noopener\"><img loading=\"lazy\" decoding=\"async\" class=\"alignnone\" src=\"https:\/\/parceriaeducativa.com.br\/wp-content\/uploads\/2023\/11\/ATIVIDADE-NUMERO-8-QUANTIDADE-1-pdf.jpg\" alt=\"Atividade n\u00famero e quantidade\" width=\"275\" height=\"389\" \/><\/a><\/p>\n<p><a href=\"https:\/\/parceriaeducativa.com.br\/wp-content\/uploads\/2023\/11\/ATIVIDADES-SEMANA-01-JULHO-2NUM-5-A-8.pdf\" target=\"_blank\" rel=\"noopener\"><img loading=\"lazy\" decoding=\"async\" class=\"\" src=\"https:\/\/parceriaeducativa.com.br\/wp-content\/uploads\/2023\/11\/ATIVIDADES-SEMANA-01-JULHO-2NUM-5-A-8-pdf.jpg\" width=\"273\" height=\"387\" \/><\/a><\/p>\n<div class=\"flex flex-grow flex-col max-w-full\">\n<div class=\"min-h-[20px] text-message flex flex-col items-start whitespace-pre-wrap break-words [.text-message+&amp;]:mt-5 juice:w-full juice:items-end overflow-x-auto gap-2\" dir=\"auto\" data-message-author-role=\"assistant\" data-message-id=\"b5504f49-dd24-4391-8eee-bddb1e3e05c9\">\n<div class=\"flex w-full flex-col gap-1 juice:empty:hidden juice:first:pt-[3px]\">\n<div class=\"markdown prose w-full break-words dark:prose-invert light\">\n<ol>\n<li><span style=\"font-family: arial, helvetica, sans-serif; font-size: 14pt;\"><strong>Montagem de Quebra-cabe\u00e7as<\/strong>:<\/span>\n<ul>\n<li><span style=\"font-family: arial, helvetica, sans-serif; font-size: 14pt;\">Utilize quebra-cabe\u00e7as que tenham exatamente oito pe\u00e7as grandes e coloridas para que as crian\u00e7as montem e contem as pe\u00e7as enquanto trabalham.<\/span><\/li>\n<\/ul>\n<\/li>\n<li><span style=\"font-family: arial, helvetica, sans-serif; font-size: 14pt;\"><strong>Cadeia Alimentar<\/strong>:<\/span>\n<ul>\n<li><span style=\"font-family: arial, helvetica, sans-serif; font-size: 14pt;\">Pe\u00e7a para as crian\u00e7as desenharem uma cadeia alimentar simples com oito elementos, como plantas, herb\u00edvoros e carn\u00edvoros, e ajude-as a entenderem a import\u00e2ncia de cada um.<\/span><\/li>\n<\/ul>\n<\/li>\n<\/ol>\n<p><span style=\"font-family: arial, helvetica, sans-serif; font-size: 14pt;\">Essas atividades s\u00e3o divertidas e educativas, ajudando as crian\u00e7as a compreenderem e memorizarem o n\u00famero 8 de maneira l\u00fadica e divertida.<\/span><\/p>\n<\/div>\n<\/div>\n<\/div>\n<\/div>\n<\/div>\n<\/div>\n<\/div>\n<\/div>\n<\/div>\n<\/div>\n<\/div>\n<\/div>\n","protected":false},"excerpt":{"rendered":"<p>Aqui v\u00e3o algumas sugest\u00f5es separadas de atividades com o n\u00famero 8 para trabalhar de forma tranquila e envolvente. Montagem de Quebra-cabe\u00e7as: Utilize quebra-cabe\u00e7as que tenham exatamente oito pe\u00e7as grandes e coloridas para que as crian\u00e7as montem e contem as pe\u00e7as enquanto trabalham. Cadeia Alimentar: Pe\u00e7a para as crian\u00e7as desenharem uma cadeia alimentar simples com oito&#8230;<\/p>\n","protected":false},"author":1,"featured_media":1567,"comment_status":"open","ping_status":"open","sticky":false,"template":"","format":"standard","meta":{"_kad_post_transparent":"default","_kad_post_title":"default","_kad_post_layout":"default","_kad_post_sidebar_id":"","_kad_post_content_style":"default","_kad_post_vertical_padding":"default","_kad_post_feature":"","_kad_post_feature_position":"","_kad_post_header":false,"_kad_post_footer":false,"footnotes":""},"categories":[3],"tags":[95,103,104,90,86,93,91],"yoast_head":"<!-- This site is optimized with the Yoast SEO plugin v22.3 - https:\/\/yoast.com\/wordpress\/plugins\/seo\/ -->\n<title>Atividades com o n\u00famero 8 -<\/title>\n<meta name=\"description\" content=\"Aqui v\u00e3o algumas sugest\u00f5es separadas de atividades com o n\u00famero 8 para trabalhar de forma tranquila e envolvente.\" \/>\n<meta name=\"robots\" content=\"index, follow, max-snippet:-1, max-image-preview:large, max-video-preview:-1\" \/>\n<link rel=\"canonical\" href=\"https:\/\/parceriaeducativa.com.br\/index.php\/2023\/11\/23\/atividade-numero-8\/\" \/>\n<meta property=\"og:locale\" content=\"pt_BR\" \/>\n<meta property=\"og:type\" content=\"article\" \/>\n<meta property=\"og:title\" content=\"Atividades com o n\u00famero 8 -\" \/>\n<meta property=\"og:description\" content=\"Aqui v\u00e3o algumas sugest\u00f5es separadas de atividades com o n\u00famero 8 para trabalhar de forma tranquila e envolvente.\" \/>\n<meta property=\"og:url\" content=\"https:\/\/parceriaeducativa.com.br\/index.php\/2023\/11\/23\/atividade-numero-8\/\" \/>\n<meta property=\"article:published_time\" content=\"2023-11-23T23:32:08+00:00\" \/>\n<meta property=\"article:modified_time\" content=\"2024-07-15T17:55:24+00:00\" \/>\n<meta name=\"author\" content=\"ParceriaEducativa\" \/>\n<meta name=\"twitter:card\" content=\"summary_large_image\" \/>\n<meta name=\"twitter:image\" content=\"https:\/\/parceriaeducativa.com.br\/wp-content\/uploads\/2023\/11\/ATIVIDADES-SEMANA-01-JULHO-2NUM-5-A-8-pdf.jpg\" \/>\n<meta name=\"twitter:label1\" content=\"Escrito por\" \/>\n\t<meta name=\"twitter:data1\" content=\"ParceriaEducativa\" \/>\n\t<meta name=\"twitter:label2\" content=\"Est. tempo de leitura\" \/>\n\t<meta name=\"twitter:data2\" content=\"3 minutos\" \/>\n<script type=\"application\/ld+json\" class=\"yoast-schema-graph\">{\"@context\":\"https:\/\/schema.org\",\"@graph\":[{\"@type\":\"WebPage\",\"@id\":\"https:\/\/parceriaeducativa.com.br\/index.php\/2023\/11\/23\/atividade-numero-8\/\",\"url\":\"https:\/\/parceriaeducativa.com.br\/index.php\/2023\/11\/23\/atividade-numero-8\/\",\"name\":\"Atividades com o n\u00famero 8 -\",\"isPartOf\":{\"@id\":\"https:\/\/parceriaeducativa.com.br\/#website\"},\"primaryImageOfPage\":{\"@id\":\"https:\/\/parceriaeducativa.com.br\/index.php\/2023\/11\/23\/atividade-numero-8\/#primaryimage\"},\"image\":{\"@id\":\"https:\/\/parceriaeducativa.com.br\/index.php\/2023\/11\/23\/atividade-numero-8\/#primaryimage\"},\"thumbnailUrl\":\"https:\/\/parceriaeducativa.com.br\/wp-content\/uploads\/2023\/11\/ATIVIDADES-SEMANA-01-JULHO-2NUM-5-A-8-pdf.jpg\",\"datePublished\":\"2023-11-23T23:32:08+00:00\",\"dateModified\":\"2024-07-15T17:55:24+00:00\",\"author\":{\"@id\":\"https:\/\/parceriaeducativa.com.br\/#\/schema\/person\/dc768bba6d4975fc0d46d74a5d617799\"},\"description\":\"Aqui v\u00e3o algumas sugest\u00f5es separadas de atividades com o n\u00famero 8 para trabalhar de forma tranquila e envolvente.\",\"breadcrumb\":{\"@id\":\"https:\/\/parceriaeducativa.com.br\/index.php\/2023\/11\/23\/atividade-numero-8\/#breadcrumb\"},\"inLanguage\":\"pt-BR\",\"potentialAction\":[{\"@type\":\"ReadAction\",\"target\":[\"https:\/\/parceriaeducativa.com.br\/index.php\/2023\/11\/23\/atividade-numero-8\/\"]}]},{\"@type\":\"ImageObject\",\"inLanguage\":\"pt-BR\",\"@id\":\"https:\/\/parceriaeducativa.com.br\/index.php\/2023\/11\/23\/atividade-numero-8\/#primaryimage\",\"url\":\"https:\/\/parceriaeducativa.com.br\/wp-content\/uploads\/2023\/11\/ATIVIDADES-SEMANA-01-JULHO-2NUM-5-A-8-pdf.jpg\",\"contentUrl\":\"https:\/\/parceriaeducativa.com.br\/wp-content\/uploads\/2023\/11\/ATIVIDADES-SEMANA-01-JULHO-2NUM-5-A-8-pdf.jpg\"},{\"@type\":\"BreadcrumbList\",\"@id\":\"https:\/\/parceriaeducativa.com.br\/index.php\/2023\/11\/23\/atividade-numero-8\/#breadcrumb\",\"itemListElement\":[{\"@type\":\"ListItem\",\"position\":1,\"name\":\"In\u00edcio\",\"item\":\"https:\/\/parceriaeducativa.com.br\/\"},{\"@type\":\"ListItem\",\"position\":2,\"name\":\"Atividades com o n\u00famero 8\"}]},{\"@type\":\"WebSite\",\"@id\":\"https:\/\/parceriaeducativa.com.br\/#website\",\"url\":\"https:\/\/parceriaeducativa.com.br\/\",\"name\":\"\",\"description\":\"Site com atividades para pais e professores, com dicas e metodologias que v\u00e3o envolver as crian\u00e7as na aprendizagem de forma simples e did\u00e1tica.\",\"potentialAction\":[{\"@type\":\"SearchAction\",\"target\":{\"@type\":\"EntryPoint\",\"urlTemplate\":\"https:\/\/parceriaeducativa.com.br\/?s={search_term_string}\"},\"query-input\":\"required name=search_term_string\"}],\"inLanguage\":\"pt-BR\"},{\"@type\":\"Person\",\"@id\":\"https:\/\/parceriaeducativa.com.br\/#\/schema\/person\/dc768bba6d4975fc0d46d74a5d617799\",\"name\":\"ParceriaEducativa\",\"image\":{\"@type\":\"ImageObject\",\"inLanguage\":\"pt-BR\",\"@id\":\"https:\/\/parceriaeducativa.com.br\/#\/schema\/person\/image\/\",\"url\":\"https:\/\/parceriaeducativa.com.br\/wp-content\/uploads\/2025\/03\/foto-estante-magica-150x150.jpg\",\"contentUrl\":\"https:\/\/parceriaeducativa.com.br\/wp-content\/uploads\/2025\/03\/foto-estante-magica-150x150.jpg\",\"caption\":\"ParceriaEducativa\"},\"description\":\"Ol\u00e1! Meu nome \u00e9 K\u00eaila, sou uma professora, apaixonada pela educa\u00e7\u00e3o infantil, com mais de 15 anos de experi\u00eancia dedicada ao desenvolvimento pleno das crian\u00e7as. Sou p\u00f3s-graduada em Psicopedagogia e Neuropsicopedagogia, \u00e1reas que considero fundamentais para compreender as diferentes necessidades e potenciais de cada crian\u00e7a. Minha forma\u00e7\u00e3o cont\u00ednua reflete meu compromisso em oferecer uma educa\u00e7\u00e3o de qualidade, alinhada \u00e0s mais recentes pesquisas e metodologias. Acredito que a educa\u00e7\u00e3o infantil \u00e9 a base para o sucesso futuro, e meu papel \u00e9 criar um ambiente favor\u00e1vel ao crescimento integral de cada crian\u00e7a, respeitando suas peculiaridades. Criei esse site para toca de experi\u00eancias e viv\u00eancias e fique \u00e0 vontade para entrar em contato comigo atrav\u00e9s dos coment\u00e1rios ou pelo e-mail parceriaeducativa5@gmail.com, estou ansiosa para te conhecer e formar uma parceria educativa significativa.\",\"sameAs\":[\"https:\/\/parceriaeducativa.com.br\",\"https:\/\/br.pinterest.com\/parceriaeducativa\/\"],\"url\":\"https:\/\/parceriaeducativa.com.br\/index.php\/author\/parceriaeducativa\/\"}]}<\/script>\n<!-- \/ Yoast SEO plugin. -->","yoast_head_json":{"title":"Atividades com o n\u00famero 8 -","description":"Aqui v\u00e3o algumas sugest\u00f5es separadas de atividades com o n\u00famero 8 para trabalhar de forma tranquila e envolvente.","robots":{"index":"index","follow":"follow","max-snippet":"max-snippet:-1","max-image-preview":"max-image-preview:large","max-video-preview":"max-video-preview:-1"},"canonical":"https:\/\/parceriaeducativa.com.br\/index.php\/2023\/11\/23\/atividade-numero-8\/","og_locale":"pt_BR","og_type":"article","og_title":"Atividades com o n\u00famero 8 -","og_description":"Aqui v\u00e3o algumas sugest\u00f5es separadas de atividades com o n\u00famero 8 para trabalhar de forma tranquila e envolvente.","og_url":"https:\/\/parceriaeducativa.com.br\/index.php\/2023\/11\/23\/atividade-numero-8\/","article_published_time":"2023-11-23T23:32:08+00:00","article_modified_time":"2024-07-15T17:55:24+00:00","author":"ParceriaEducativa","twitter_card":"summary_large_image","twitter_image":"https:\/\/parceriaeducativa.com.br\/wp-content\/uploads\/2023\/11\/ATIVIDADES-SEMANA-01-JULHO-2NUM-5-A-8-pdf.jpg","twitter_misc":{"Escrito por":"ParceriaEducativa","Est. tempo de leitura":"3 minutos"},"schema":{"@context":"https:\/\/schema.org","@graph":[{"@type":"WebPage","@id":"https:\/\/parceriaeducativa.com.br\/index.php\/2023\/11\/23\/atividade-numero-8\/","url":"https:\/\/parceriaeducativa.com.br\/index.php\/2023\/11\/23\/atividade-numero-8\/","name":"Atividades com o n\u00famero 8 -","isPartOf":{"@id":"https:\/\/parceriaeducativa.com.br\/#website"},"primaryImageOfPage":{"@id":"https:\/\/parceriaeducativa.com.br\/index.php\/2023\/11\/23\/atividade-numero-8\/#primaryimage"},"image":{"@id":"https:\/\/parceriaeducativa.com.br\/index.php\/2023\/11\/23\/atividade-numero-8\/#primaryimage"},"thumbnailUrl":"https:\/\/parceriaeducativa.com.br\/wp-content\/uploads\/2023\/11\/ATIVIDADES-SEMANA-01-JULHO-2NUM-5-A-8-pdf.jpg","datePublished":"2023-11-23T23:32:08+00:00","dateModified":"2024-07-15T17:55:24+00:00","author":{"@id":"https:\/\/parceriaeducativa.com.br\/#\/schema\/person\/dc768bba6d4975fc0d46d74a5d617799"},"description":"Aqui v\u00e3o algumas sugest\u00f5es separadas de atividades com o n\u00famero 8 para trabalhar de forma tranquila e envolvente.","breadcrumb":{"@id":"https:\/\/parceriaeducativa.com.br\/index.php\/2023\/11\/23\/atividade-numero-8\/#breadcrumb"},"inLanguage":"pt-BR","potentialAction":[{"@type":"ReadAction","target":["https:\/\/parceriaeducativa.com.br\/index.php\/2023\/11\/23\/atividade-numero-8\/"]}]},{"@type":"ImageObject","inLanguage":"pt-BR","@id":"https:\/\/parceriaeducativa.com.br\/index.php\/2023\/11\/23\/atividade-numero-8\/#primaryimage","url":"https:\/\/parceriaeducativa.com.br\/wp-content\/uploads\/2023\/11\/ATIVIDADES-SEMANA-01-JULHO-2NUM-5-A-8-pdf.jpg","contentUrl":"https:\/\/parceriaeducativa.com.br\/wp-content\/uploads\/2023\/11\/ATIVIDADES-SEMANA-01-JULHO-2NUM-5-A-8-pdf.jpg"},{"@type":"BreadcrumbList","@id":"https:\/\/parceriaeducativa.com.br\/index.php\/2023\/11\/23\/atividade-numero-8\/#breadcrumb","itemListElement":[{"@type":"ListItem","position":1,"name":"In\u00edcio","item":"https:\/\/parceriaeducativa.com.br\/"},{"@type":"ListItem","position":2,"name":"Atividades com o n\u00famero 8"}]},{"@type":"WebSite","@id":"https:\/\/parceriaeducativa.com.br\/#website","url":"https:\/\/parceriaeducativa.com.br\/","name":"","description":"Site com atividades para pais e professores, com dicas e metodologias que v\u00e3o envolver as crian\u00e7as na aprendizagem de forma simples e did\u00e1tica.","potentialAction":[{"@type":"SearchAction","target":{"@type":"EntryPoint","urlTemplate":"https:\/\/parceriaeducativa.com.br\/?s={search_term_string}"},"query-input":"required name=search_term_string"}],"inLanguage":"pt-BR"},{"@type":"Person","@id":"https:\/\/parceriaeducativa.com.br\/#\/schema\/person\/dc768bba6d4975fc0d46d74a5d617799","name":"ParceriaEducativa","image":{"@type":"ImageObject","inLanguage":"pt-BR","@id":"https:\/\/parceriaeducativa.com.br\/#\/schema\/person\/image\/","url":"https:\/\/parceriaeducativa.com.br\/wp-content\/uploads\/2025\/03\/foto-estante-magica-150x150.jpg","contentUrl":"https:\/\/parceriaeducativa.com.br\/wp-content\/uploads\/2025\/03\/foto-estante-magica-150x150.jpg","caption":"ParceriaEducativa"},"description":"Ol\u00e1! Meu nome \u00e9 K\u00eaila, sou uma professora, apaixonada pela educa\u00e7\u00e3o infantil, com mais de 15 anos de experi\u00eancia dedicada ao desenvolvimento pleno das crian\u00e7as. Sou p\u00f3s-graduada em Psicopedagogia e Neuropsicopedagogia, \u00e1reas que considero fundamentais para compreender as diferentes necessidades e potenciais de cada crian\u00e7a. Minha forma\u00e7\u00e3o cont\u00ednua reflete meu compromisso em oferecer uma educa\u00e7\u00e3o de qualidade, alinhada \u00e0s mais recentes pesquisas e metodologias. Acredito que a educa\u00e7\u00e3o infantil \u00e9 a base para o sucesso futuro, e meu papel \u00e9 criar um ambiente favor\u00e1vel ao crescimento integral de cada crian\u00e7a, respeitando suas peculiaridades. Criei esse site para toca de experi\u00eancias e viv\u00eancias e fique \u00e0 vontade para entrar em contato comigo atrav\u00e9s dos coment\u00e1rios ou pelo e-mail parceriaeducativa5@gmail.com, estou ansiosa para te conhecer e formar uma parceria educativa significativa.","sameAs":["https:\/\/parceriaeducativa.com.br","https:\/\/br.pinterest.com\/parceriaeducativa\/"],"url":"https:\/\/parceriaeducativa.com.br\/index.php\/author\/parceriaeducativa\/"}]}},"_links":{"self":[{"href":"https:\/\/parceriaeducativa.com.br\/index.php\/wp-json\/wp\/v2\/posts\/311"}],"collection":[{"href":"https:\/\/parceriaeducativa.com.br\/index.php\/wp-json\/wp\/v2\/posts"}],"about":[{"href":"https:\/\/parceriaeducativa.com.br\/index.php\/wp-json\/wp\/v2\/types\/post"}],"author":[{"embeddable":true,"href":"https:\/\/parceriaeducativa.com.br\/index.php\/wp-json\/wp\/v2\/users\/1"}],"replies":[{"embeddable":true,"href":"https:\/\/parceriaeducativa.com.br\/index.php\/wp-json\/wp\/v2\/comments?post=311"}],"version-history":[{"count":14,"href":"https:\/\/parceriaeducativa.com.br\/index.php\/wp-json\/wp\/v2\/posts\/311\/revisions"}],"predecessor-version":[{"id":1569,"href":"https:\/\/parceriaeducativa.com.br\/index.php\/wp-json\/wp\/v2\/posts\/311\/revisions\/1569"}],"wp:featuredmedia":[{"embeddable":true,"href":"https:\/\/parceriaeducativa.com.br\/index.php\/wp-json\/wp\/v2\/media\/1567"}],"wp:attachment":[{"href":"https:\/\/parceriaeducativa.com.br\/index.php\/wp-json\/wp\/v2\/media?parent=311"}],"wp:term":[{"taxonomy":"category","embeddable":true,"href":"https:\/\/parceriaeducativa.com.br\/index.php\/wp-json\/wp\/v2\/categories?post=311"},{"taxonomy":"post_tag","embeddable":true,"href":"https:\/\/parceriaeducativa.com.br\/index.php\/wp-json\/wp\/v2\/tags?post=311"}],"curies":[{"name":"wp","href":"https:\/\/api.w.org\/{rel}","templated":true}]}}