{"id":1982,"date":"2025-01-27T20:57:52","date_gmt":"2025-01-27T23:57:52","guid":{"rendered":"https:\/\/parceriaeducativa.com.br\/?p=1982"},"modified":"2025-03-23T15:33:04","modified_gmt":"2025-03-23T18:33:04","slug":"atividade-para-o-primeiro-dia-de-aula","status":"publish","type":"post","link":"https:\/\/parceriaeducativa.com.br\/index.php\/2025\/01\/27\/atividade-para-o-primeiro-dia-de-aula\/","title":{"rendered":"Atividade para o Primeiro Dia de Aula"},"content":{"rendered":"\r\n<ul class=\"wp-block-social-links is-layout-flex wp-block-social-links-is-layout-flex\"><li class=\"wp-social-link wp-social-link-gravatar wp-block-social-link\"><a rel=\"me\" href=\"https:\/\/gravatar.com\/tavareskeila7\" class=\"wp-block-social-link-anchor\"><svg width=\"24\" height=\"24\" viewBox=\"0 0 24 24\" version=\"1.1\" xmlns=\"http:\/\/www.w3.org\/2000\/svg\" aria-hidden=\"true\" focusable=\"false\"><path d=\"M10.8001 4.69937V10.6494C10.8001 11.1001 10.9791 11.5323 11.2978 11.851C11.6165 12.1697 12.0487 12.3487 12.4994 12.3487C12.9501 12.3487 13.3824 12.1697 13.7011 11.851C14.0198 11.5323 14.1988 11.1001 14.1988 10.6494V6.69089C15.2418 7.05861 16.1371 7.75537 16.7496 8.67617C17.3622 9.59698 17.6589 10.6919 17.595 11.796C17.5311 12.9001 17.1101 13.9535 16.3954 14.7975C15.6807 15.6415 14.711 16.2303 13.6325 16.4753C12.5541 16.7202 11.4252 16.608 10.4161 16.1555C9.40691 15.703 8.57217 14.9348 8.03763 13.9667C7.50308 12.9985 7.29769 11.8828 7.45242 10.7877C7.60714 9.69266 8.11359 8.67755 8.89545 7.89537C9.20904 7.57521 9.38364 7.14426 9.38132 6.69611C9.37899 6.24797 9.19994 5.81884 8.88305 5.50195C8.56616 5.18506 8.13704 5.00601 7.68889 5.00369C7.24075 5.00137 6.80979 5.17597 6.48964 5.48956C5.09907 6.8801 4.23369 8.7098 4.04094 10.6669C3.84819 12.624 4.34 14.5873 5.43257 16.2224C6.52515 17.8575 8.15088 19.0632 10.0328 19.634C11.9146 20.2049 13.9362 20.1055 15.753 19.3529C17.5699 18.6003 19.0695 17.241 19.9965 15.5066C20.9234 13.7722 21.2203 11.7701 20.8366 9.84133C20.4528 7.91259 19.4122 6.17658 17.892 4.92911C16.3717 3.68163 14.466 2.99987 12.4994 3C12.0487 3 11.6165 3.17904 11.2978 3.49773C10.9791 3.81643 10.8001 4.24867 10.8001 4.69937Z\" \/><\/svg><span class=\"wp-block-social-link-label screen-reader-text\">Gravatar<\/span><\/a><\/li><\/ul>\r\n<h3 data-pm-slice=\"1 1 []\"><span style=\"font-family: arial, helvetica, sans-serif; font-size: 14pt;\">A Import\u00e2ncia do Primeiro Dia de Aula na Educa\u00e7\u00e3o Infantil e Ensino Fundamental<\/span><\/h3>\r\n<span style=\"font-family: arial, helvetica, sans-serif; font-size: 14pt;\">O primeiro dia de aula \u00e9 um momento de grandes expectativas para crian\u00e7as, pais e educadores. Na educa\u00e7\u00e3o infantil e no ensino fundamental, esse dia vai al\u00e9m de simples apresenta\u00e7\u00f5es ou organiza\u00e7\u00e3o de materiais; ele marca o in\u00edcio de uma jornada que ir\u00e1 influenciar o desenvolvimento social, emocional e acad\u00eamico das crian\u00e7as. Portanto, planejar um primeiro dia acolhedor e envolvente \u00e9 essencial para criar um ambiente de aprendizagem positivo e seguro.<\/span>\r\n\r\n<a href=\"https:\/\/parceriaeducativa.com.br\/wp-content\/uploads\/2025\/01\/ATIVIDADE-MEU-PRIMEIRO-DIA-DE-AULA.pdf\" target=\"_blank\" rel=\"noopener\"><img fetchpriority=\"high\" decoding=\"async\" class=\"aligncenter\" src=\"https:\/\/parceriaeducativa.com.br\/wp-content\/uploads\/2025\/01\/ATIVIDADE-MEU-PRIMEIRO-DIA-DE-AULA-pdf.jpg\" width=\"296\" height=\"418\" \/><\/a>\r\n<h4><span style=\"font-family: arial, helvetica, sans-serif; font-size: 14pt;\">Por que o Primeiro Dia \u00e9 t\u00e3o Importante?<\/span><\/h4>\r\n<ol start=\"1\" data-spread=\"true\">\r\n \t<li><span style=\"font-family: arial, helvetica, sans-serif; font-size: 14pt;\"><strong>Adapta\u00e7\u00e3o e seguran\u00e7a emocional<\/strong>: Muitas crian\u00e7as enfrentam ansiedade ou inseguran\u00e7a ao entrarem em um novo ambiente escolar. Um primeiro dia bem planejado ajuda a reduzir esses sentimentos, promovendo confian\u00e7a e conforto.<\/span><\/li>\r\n \t<li><span style=\"font-family: arial, helvetica, sans-serif; font-size: 14pt;\"><strong>Cria\u00e7\u00e3o de v\u00ednculos<\/strong>: Este \u00e9 o momento ideal para que os alunos conhe\u00e7am seus colegas e professores, estabelecendo la\u00e7os que ser\u00e3o fundamentais para o clima de colabora\u00e7\u00e3o na sala de aula.<\/span><\/li>\r\n \t<li><span style=\"font-family: arial, helvetica, sans-serif; font-size: 14pt;\"><strong>Introdu\u00e7\u00e3o \u00e0 rotina escolar<\/strong>: Apresentar a rotina, as regras e o espa\u00e7o escolar de forma clara e divertida facilita a adapta\u00e7\u00e3o das crian\u00e7as ao ambiente escolar.<\/span><\/li>\r\n \t<li><span style=\"font-family: arial, helvetica, sans-serif; font-size: 14pt;\"><strong>Motiva\u00e7\u00e3o e entusiasmo<\/strong>: Uma experi\u00eancia inicial positiva cria entusiasmo pelas atividades escolares e promove um envolvimento maior com o processo de aprendizagem.<\/span><\/li>\r\n<\/ol>\r\n<h4><span style=\"font-family: arial, helvetica, sans-serif; font-size: 14pt;\">Sugest\u00f5es de Atividades para o Primeiro Dia de Aula<\/span><\/h4>\r\n<ol start=\"1\" data-spread=\"true\">\r\n \t<li><span style=\"font-family: arial, helvetica, sans-serif; font-size: 14pt;\"><strong>Din\u00e2micas de apresenta\u00e7\u00e3o<\/strong>:<\/span>\r\n<ul data-spread=\"false\">\r\n \t<li><span style=\"font-family: arial, helvetica, sans-serif; font-size: 14pt;\"><strong>Roda de conversa<\/strong>: Incentive cada crian\u00e7a a compartilhar algo sobre si, como seu nome, um hobby ou o que ela espera do ano letivo.<\/span><\/li>\r\n \t<li><span style=\"font-family: arial, helvetica, sans-serif; font-size: 14pt;\"><strong>Entrevista com o colega<\/strong>: Forme duplas para que as crian\u00e7as se entrevistem e depois apresentem umas \u00e0s outras para a turma.<\/span><\/li>\r\n<\/ul>\r\n<\/li>\r\n \t<li><span style=\"font-family: arial, helvetica, sans-serif; font-size: 14pt;\"><strong>Atividades de integra\u00e7\u00e3o<\/strong>:<\/span>\r\n<ul data-spread=\"false\">\r\n \t<li><span style=\"font-family: arial, helvetica, sans-serif; font-size: 14pt;\"><strong>Brincadeiras em grupo<\/strong>: Jogos como &#8220;ca\u00e7a ao tesouro&#8221; no ambiente escolar ou din\u00e2micas de roda ajudam a criar um clima acolhedor e colaborativo.<\/span><\/li>\r\n \t<li><span style=\"font-family: arial, helvetica, sans-serif; font-size: 14pt;\"><strong>Atividade art\u00edstica coletiva<\/strong>: Proponha que as crian\u00e7as criem juntas um mural com desenhos ou mensagens sobre suas expectativas para o ano.<\/span><\/li>\r\n<\/ul>\r\n<\/li>\r\n \t<li><span style=\"font-family: arial, helvetica, sans-serif; font-size: 14pt;\"><strong>Explora\u00e7\u00e3o do ambiente escolar<\/strong>:<\/span>\r\n<ul data-spread=\"false\">\r\n \t<li><span style=\"font-family: arial, helvetica, sans-serif; font-size: 14pt;\"><strong>Passeio guiado<\/strong>: Apresente \u00e0s crian\u00e7as as principais \u00e1reas da escola, como a biblioteca, o parquinho e a sala de aula.<\/span><\/li>\r\n \t<li><span style=\"font-family: arial, helvetica, sans-serif; font-size: 14pt;\"><strong>Ca\u00e7a ao tesouro<\/strong>: Esconda pistas em diferentes espa\u00e7os da escola para que as crian\u00e7as os descubram de maneira divertida.<\/span><\/li>\r\n<\/ul>\r\n<\/li>\r\n \t<li><span style=\"font-family: arial, helvetica, sans-serif; font-size: 14pt;\"><strong>Estabelecimento de regras e rotina<\/strong>:<\/span>\r\n<ul data-spread=\"false\">\r\n \t<li><span style=\"font-family: arial, helvetica, sans-serif; font-size: 14pt;\"><strong>Elabora\u00e7\u00e3o coletiva de regras<\/strong>: Convide as crian\u00e7as a ajudar na cria\u00e7\u00e3o das regras de conviv\u00eancia, promovendo senso de responsabilidade.<\/span><\/li>\r\n \t<li><span style=\"font-family: arial, helvetica, sans-serif; font-size: 14pt;\"><strong>Quadro de rotina<\/strong>: Apresente as atividades di\u00e1rias de forma visual, utilizando ilustra\u00e7\u00f5es ou \u00edcones para facilitar a compreens\u00e3o.<\/span><\/li>\r\n<\/ul>\r\n<\/li>\r\n \t<li><span style=\"font-family: arial, helvetica, sans-serif; font-size: 14pt;\"><strong>Mensagens de acolhimento<\/strong>:<\/span>\r\n<ul data-spread=\"false\">\r\n \t<li><span style=\"font-family: arial, helvetica, sans-serif; font-size: 14pt;\"><strong>Cartinhas ou bilhetes personalizados<\/strong>: Deixe uma mensagem de boas-vindas na mesa de cada aluno para que se sintam especiais.<\/span><\/li>\r\n \t<li><span style=\"font-family: arial, helvetica, sans-serif; font-size: 14pt;\"><strong>Din\u00e2mica do \u201cpote da gratid\u00e3o\u201d<\/strong>: Incentive cada aluno a escrever ou desenhar algo pelo qual est\u00e3o felizes em iniciar o ano letivo.<\/span><\/li>\r\n<\/ul>\r\n<\/li>\r\n<\/ol>\r\n<span style=\"font-family: arial, helvetica, sans-serif; font-size: 14pt;\">O primeiro dia de aula \u00e9 uma oportunidade \u00fanica para plantar as sementes de um ano letivo bem-sucedido. Com atividades planejadas para acolher, integrar e motivar as crian\u00e7as, \u00e9 poss\u00edvel criar uma base s\u00f3lida para o desenvolvimento acad\u00eamico e emocional dos alunos. Educadores que investem nesse momento ajudam a criar mem\u00f3rias positivas e duradouras, promovendo uma rela\u00e7\u00e3o saud\u00e1vel com a escola e o aprendizado.<\/span>","protected":false},"excerpt":{"rendered":"","protected":false},"author":1,"featured_media":1983,"comment_status":"open","ping_status":"open","sticky":false,"template":"","format":"standard","meta":{"_kad_post_transparent":"default","_kad_post_title":"default","_kad_post_layout":"default","_kad_post_sidebar_id":"","_kad_post_content_style":"default","_kad_post_vertical_padding":"default","_kad_post_feature":"","_kad_post_feature_position":"","_kad_post_header":false,"_kad_post_footer":false,"footnotes":""},"categories":[3],"tags":[324,322,323,326],"class_list":["post-1982","post","type-post","status-publish","format-standard","has-post-thumbnail","hentry","category-atividades","tag-atividade-de-colorir","tag-atividade-educacao-infantil","tag-atividade-primeiro-dia-de-aula","tag-atividades-alfabetizacao-e-letramento"],"yoast_head":"<!-- This site is optimized with the Yoast SEO plugin v22.3 - https:\/\/yoast.com\/wordpress\/plugins\/seo\/ -->\n<title>Atividade para o Primeiro Dia de Aula -<\/title>\n<meta name=\"description\" content=\"O primeiro dia de aula \u00e9 um momento de grandes expectativas para crian\u00e7as, pais e educadores. Na educa\u00e7\u00e3o infantil e no ensino ...\" \/>\n<meta name=\"robots\" content=\"index, follow, max-snippet:-1, max-image-preview:large, max-video-preview:-1\" \/>\n<link rel=\"canonical\" href=\"https:\/\/parceriaeducativa.com.br\/index.php\/2025\/01\/27\/atividade-para-o-primeiro-dia-de-aula\/\" \/>\n<meta property=\"og:locale\" content=\"pt_BR\" \/>\n<meta property=\"og:type\" content=\"article\" \/>\n<meta property=\"og:title\" content=\"Atividade para o Primeiro Dia de Aula -\" \/>\n<meta property=\"og:description\" content=\"O primeiro dia de aula \u00e9 um momento de grandes expectativas para crian\u00e7as, pais e educadores. Na educa\u00e7\u00e3o infantil e no ensino ...\" \/>\n<meta property=\"og:url\" content=\"https:\/\/parceriaeducativa.com.br\/index.php\/2025\/01\/27\/atividade-para-o-primeiro-dia-de-aula\/\" \/>\n<meta property=\"article:published_time\" content=\"2025-01-27T23:57:52+00:00\" \/>\n<meta property=\"article:modified_time\" content=\"2025-03-23T18:33:04+00:00\" \/>\n<meta name=\"author\" content=\"ParceriaEducativa\" \/>\n<meta name=\"twitter:card\" content=\"summary_large_image\" \/>\n<meta name=\"twitter:image\" content=\"https:\/\/parceriaeducativa.com.br\/wp-content\/uploads\/2025\/01\/ATIVIDADE-MEU-PRIMEIRO-DIA-DE-AULA-pdf.jpg\" \/>\n<meta name=\"twitter:label1\" content=\"Escrito por\" \/>\n\t<meta name=\"twitter:data1\" content=\"ParceriaEducativa\" \/>\n\t<meta name=\"twitter:label2\" content=\"Est. tempo de leitura\" \/>\n\t<meta name=\"twitter:data2\" content=\"4 minutos\" \/>\n<script type=\"application\/ld+json\" class=\"yoast-schema-graph\">{\"@context\":\"https:\/\/schema.org\",\"@graph\":[{\"@type\":\"WebPage\",\"@id\":\"https:\/\/parceriaeducativa.com.br\/index.php\/2025\/01\/27\/atividade-para-o-primeiro-dia-de-aula\/\",\"url\":\"https:\/\/parceriaeducativa.com.br\/index.php\/2025\/01\/27\/atividade-para-o-primeiro-dia-de-aula\/\",\"name\":\"Atividade para o Primeiro Dia de Aula -\",\"isPartOf\":{\"@id\":\"https:\/\/parceriaeducativa.com.br\/#website\"},\"primaryImageOfPage\":{\"@id\":\"https:\/\/parceriaeducativa.com.br\/index.php\/2025\/01\/27\/atividade-para-o-primeiro-dia-de-aula\/#primaryimage\"},\"image\":{\"@id\":\"https:\/\/parceriaeducativa.com.br\/index.php\/2025\/01\/27\/atividade-para-o-primeiro-dia-de-aula\/#primaryimage\"},\"thumbnailUrl\":\"https:\/\/parceriaeducativa.com.br\/wp-content\/uploads\/2025\/01\/ATIVIDADE-MEU-PRIMEIRO-DIA-DE-AULA-pdf.jpg\",\"datePublished\":\"2025-01-27T23:57:52+00:00\",\"dateModified\":\"2025-03-23T18:33:04+00:00\",\"author\":{\"@id\":\"https:\/\/parceriaeducativa.com.br\/#\/schema\/person\/dc768bba6d4975fc0d46d74a5d617799\"},\"description\":\"O primeiro dia de aula \u00e9 um momento de grandes expectativas para crian\u00e7as, pais e educadores. Na educa\u00e7\u00e3o infantil e no ensino ...\",\"breadcrumb\":{\"@id\":\"https:\/\/parceriaeducativa.com.br\/index.php\/2025\/01\/27\/atividade-para-o-primeiro-dia-de-aula\/#breadcrumb\"},\"inLanguage\":\"pt-BR\",\"potentialAction\":[{\"@type\":\"ReadAction\",\"target\":[\"https:\/\/parceriaeducativa.com.br\/index.php\/2025\/01\/27\/atividade-para-o-primeiro-dia-de-aula\/\"]}]},{\"@type\":\"ImageObject\",\"inLanguage\":\"pt-BR\",\"@id\":\"https:\/\/parceriaeducativa.com.br\/index.php\/2025\/01\/27\/atividade-para-o-primeiro-dia-de-aula\/#primaryimage\",\"url\":\"https:\/\/parceriaeducativa.com.br\/wp-content\/uploads\/2025\/01\/ATIVIDADE-MEU-PRIMEIRO-DIA-DE-AULA-pdf.jpg\",\"contentUrl\":\"https:\/\/parceriaeducativa.com.br\/wp-content\/uploads\/2025\/01\/ATIVIDADE-MEU-PRIMEIRO-DIA-DE-AULA-pdf.jpg\"},{\"@type\":\"BreadcrumbList\",\"@id\":\"https:\/\/parceriaeducativa.com.br\/index.php\/2025\/01\/27\/atividade-para-o-primeiro-dia-de-aula\/#breadcrumb\",\"itemListElement\":[{\"@type\":\"ListItem\",\"position\":1,\"name\":\"In\u00edcio\",\"item\":\"https:\/\/parceriaeducativa.com.br\/\"},{\"@type\":\"ListItem\",\"position\":2,\"name\":\"Atividade para o Primeiro Dia de Aula\"}]},{\"@type\":\"WebSite\",\"@id\":\"https:\/\/parceriaeducativa.com.br\/#website\",\"url\":\"https:\/\/parceriaeducativa.com.br\/\",\"name\":\"\",\"description\":\"Site com atividades para pais e professores, com dicas e metodologias que v\u00e3o envolver as crian\u00e7as na aprendizagem de forma simples e did\u00e1tica.\",\"potentialAction\":[{\"@type\":\"SearchAction\",\"target\":{\"@type\":\"EntryPoint\",\"urlTemplate\":\"https:\/\/parceriaeducativa.com.br\/?s={search_term_string}\"},\"query-input\":\"required name=search_term_string\"}],\"inLanguage\":\"pt-BR\"},{\"@type\":\"Person\",\"@id\":\"https:\/\/parceriaeducativa.com.br\/#\/schema\/person\/dc768bba6d4975fc0d46d74a5d617799\",\"name\":\"ParceriaEducativa\",\"image\":{\"@type\":\"ImageObject\",\"inLanguage\":\"pt-BR\",\"@id\":\"https:\/\/parceriaeducativa.com.br\/#\/schema\/person\/image\/\",\"url\":\"https:\/\/parceriaeducativa.com.br\/wp-content\/uploads\/2025\/03\/foto-estante-magica-150x150.jpg\",\"contentUrl\":\"https:\/\/parceriaeducativa.com.br\/wp-content\/uploads\/2025\/03\/foto-estante-magica-150x150.jpg\",\"caption\":\"ParceriaEducativa\"},\"description\":\"Ol\u00e1! Meu nome \u00e9 K\u00eaila, sou uma professora, apaixonada pela educa\u00e7\u00e3o infantil, com mais de 15 anos de experi\u00eancia dedicada ao desenvolvimento pleno das crian\u00e7as. Sou p\u00f3s-graduada em Psicopedagogia e Neuropsicopedagogia, \u00e1reas que considero fundamentais para compreender as diferentes necessidades e potenciais de cada crian\u00e7a. Minha forma\u00e7\u00e3o cont\u00ednua reflete meu compromisso em oferecer uma educa\u00e7\u00e3o de qualidade, alinhada \u00e0s mais recentes pesquisas e metodologias. Acredito que a educa\u00e7\u00e3o infantil \u00e9 a base para o sucesso futuro, e meu papel \u00e9 criar um ambiente favor\u00e1vel ao crescimento integral de cada crian\u00e7a, respeitando suas peculiaridades. Criei esse site para toca de experi\u00eancias e viv\u00eancias e fique \u00e0 vontade para entrar em contato comigo atrav\u00e9s dos coment\u00e1rios ou pelo e-mail parceriaeducativa5@gmail.com, estou ansiosa para te conhecer e formar uma parceria educativa significativa.\",\"sameAs\":[\"https:\/\/parceriaeducativa.com.br\",\"https:\/\/www.instagram.com\/parceriaeducativa\/\",\"https:\/\/br.pinterest.com\/parceriaeducativa\/\"],\"url\":\"https:\/\/parceriaeducativa.com.br\/index.php\/author\/parceriaeducativa\/\"}]}<\/script>\n<!-- \/ Yoast SEO plugin. -->","yoast_head_json":{"title":"Atividade para o Primeiro Dia de Aula -","description":"O primeiro dia de aula \u00e9 um momento de grandes expectativas para crian\u00e7as, pais e educadores. Na educa\u00e7\u00e3o infantil e no ensino ...","robots":{"index":"index","follow":"follow","max-snippet":"max-snippet:-1","max-image-preview":"max-image-preview:large","max-video-preview":"max-video-preview:-1"},"canonical":"https:\/\/parceriaeducativa.com.br\/index.php\/2025\/01\/27\/atividade-para-o-primeiro-dia-de-aula\/","og_locale":"pt_BR","og_type":"article","og_title":"Atividade para o Primeiro Dia de Aula -","og_description":"O primeiro dia de aula \u00e9 um momento de grandes expectativas para crian\u00e7as, pais e educadores. Na educa\u00e7\u00e3o infantil e no ensino ...","og_url":"https:\/\/parceriaeducativa.com.br\/index.php\/2025\/01\/27\/atividade-para-o-primeiro-dia-de-aula\/","article_published_time":"2025-01-27T23:57:52+00:00","article_modified_time":"2025-03-23T18:33:04+00:00","author":"ParceriaEducativa","twitter_card":"summary_large_image","twitter_image":"https:\/\/parceriaeducativa.com.br\/wp-content\/uploads\/2025\/01\/ATIVIDADE-MEU-PRIMEIRO-DIA-DE-AULA-pdf.jpg","twitter_misc":{"Escrito por":"ParceriaEducativa","Est. tempo de leitura":"4 minutos"},"schema":{"@context":"https:\/\/schema.org","@graph":[{"@type":"WebPage","@id":"https:\/\/parceriaeducativa.com.br\/index.php\/2025\/01\/27\/atividade-para-o-primeiro-dia-de-aula\/","url":"https:\/\/parceriaeducativa.com.br\/index.php\/2025\/01\/27\/atividade-para-o-primeiro-dia-de-aula\/","name":"Atividade para o Primeiro Dia de Aula -","isPartOf":{"@id":"https:\/\/parceriaeducativa.com.br\/#website"},"primaryImageOfPage":{"@id":"https:\/\/parceriaeducativa.com.br\/index.php\/2025\/01\/27\/atividade-para-o-primeiro-dia-de-aula\/#primaryimage"},"image":{"@id":"https:\/\/parceriaeducativa.com.br\/index.php\/2025\/01\/27\/atividade-para-o-primeiro-dia-de-aula\/#primaryimage"},"thumbnailUrl":"https:\/\/parceriaeducativa.com.br\/wp-content\/uploads\/2025\/01\/ATIVIDADE-MEU-PRIMEIRO-DIA-DE-AULA-pdf.jpg","datePublished":"2025-01-27T23:57:52+00:00","dateModified":"2025-03-23T18:33:04+00:00","author":{"@id":"https:\/\/parceriaeducativa.com.br\/#\/schema\/person\/dc768bba6d4975fc0d46d74a5d617799"},"description":"O primeiro dia de aula \u00e9 um momento de grandes expectativas para crian\u00e7as, pais e educadores. Na educa\u00e7\u00e3o infantil e no ensino ...","breadcrumb":{"@id":"https:\/\/parceriaeducativa.com.br\/index.php\/2025\/01\/27\/atividade-para-o-primeiro-dia-de-aula\/#breadcrumb"},"inLanguage":"pt-BR","potentialAction":[{"@type":"ReadAction","target":["https:\/\/parceriaeducativa.com.br\/index.php\/2025\/01\/27\/atividade-para-o-primeiro-dia-de-aula\/"]}]},{"@type":"ImageObject","inLanguage":"pt-BR","@id":"https:\/\/parceriaeducativa.com.br\/index.php\/2025\/01\/27\/atividade-para-o-primeiro-dia-de-aula\/#primaryimage","url":"https:\/\/parceriaeducativa.com.br\/wp-content\/uploads\/2025\/01\/ATIVIDADE-MEU-PRIMEIRO-DIA-DE-AULA-pdf.jpg","contentUrl":"https:\/\/parceriaeducativa.com.br\/wp-content\/uploads\/2025\/01\/ATIVIDADE-MEU-PRIMEIRO-DIA-DE-AULA-pdf.jpg"},{"@type":"BreadcrumbList","@id":"https:\/\/parceriaeducativa.com.br\/index.php\/2025\/01\/27\/atividade-para-o-primeiro-dia-de-aula\/#breadcrumb","itemListElement":[{"@type":"ListItem","position":1,"name":"In\u00edcio","item":"https:\/\/parceriaeducativa.com.br\/"},{"@type":"ListItem","position":2,"name":"Atividade para o Primeiro Dia de Aula"}]},{"@type":"WebSite","@id":"https:\/\/parceriaeducativa.com.br\/#website","url":"https:\/\/parceriaeducativa.com.br\/","name":"","description":"Site com atividades para pais e professores, com dicas e metodologias que v\u00e3o envolver as crian\u00e7as na aprendizagem de forma simples e did\u00e1tica.","potentialAction":[{"@type":"SearchAction","target":{"@type":"EntryPoint","urlTemplate":"https:\/\/parceriaeducativa.com.br\/?s={search_term_string}"},"query-input":"required name=search_term_string"}],"inLanguage":"pt-BR"},{"@type":"Person","@id":"https:\/\/parceriaeducativa.com.br\/#\/schema\/person\/dc768bba6d4975fc0d46d74a5d617799","name":"ParceriaEducativa","image":{"@type":"ImageObject","inLanguage":"pt-BR","@id":"https:\/\/parceriaeducativa.com.br\/#\/schema\/person\/image\/","url":"https:\/\/parceriaeducativa.com.br\/wp-content\/uploads\/2025\/03\/foto-estante-magica-150x150.jpg","contentUrl":"https:\/\/parceriaeducativa.com.br\/wp-content\/uploads\/2025\/03\/foto-estante-magica-150x150.jpg","caption":"ParceriaEducativa"},"description":"Ol\u00e1! Meu nome \u00e9 K\u00eaila, sou uma professora, apaixonada pela educa\u00e7\u00e3o infantil, com mais de 15 anos de experi\u00eancia dedicada ao desenvolvimento pleno das crian\u00e7as. Sou p\u00f3s-graduada em Psicopedagogia e Neuropsicopedagogia, \u00e1reas que considero fundamentais para compreender as diferentes necessidades e potenciais de cada crian\u00e7a. Minha forma\u00e7\u00e3o cont\u00ednua reflete meu compromisso em oferecer uma educa\u00e7\u00e3o de qualidade, alinhada \u00e0s mais recentes pesquisas e metodologias. Acredito que a educa\u00e7\u00e3o infantil \u00e9 a base para o sucesso futuro, e meu papel \u00e9 criar um ambiente favor\u00e1vel ao crescimento integral de cada crian\u00e7a, respeitando suas peculiaridades. Criei esse site para toca de experi\u00eancias e viv\u00eancias e fique \u00e0 vontade para entrar em contato comigo atrav\u00e9s dos coment\u00e1rios ou pelo e-mail parceriaeducativa5@gmail.com, estou ansiosa para te conhecer e formar uma parceria educativa significativa.","sameAs":["https:\/\/parceriaeducativa.com.br","https:\/\/www.instagram.com\/parceriaeducativa\/","https:\/\/br.pinterest.com\/parceriaeducativa\/"],"url":"https:\/\/parceriaeducativa.com.br\/index.php\/author\/parceriaeducativa\/"}]}},"_links":{"self":[{"href":"https:\/\/parceriaeducativa.com.br\/index.php\/wp-json\/wp\/v2\/posts\/1982","targetHints":{"allow":["GET"]}}],"collection":[{"href":"https:\/\/parceriaeducativa.com.br\/index.php\/wp-json\/wp\/v2\/posts"}],"about":[{"href":"https:\/\/parceriaeducativa.com.br\/index.php\/wp-json\/wp\/v2\/types\/post"}],"author":[{"embeddable":true,"href":"https:\/\/parceriaeducativa.com.br\/index.php\/wp-json\/wp\/v2\/users\/1"}],"replies":[{"embeddable":true,"href":"https:\/\/parceriaeducativa.com.br\/index.php\/wp-json\/wp\/v2\/comments?post=1982"}],"version-history":[{"count":3,"href":"https:\/\/parceriaeducativa.com.br\/index.php\/wp-json\/wp\/v2\/posts\/1982\/revisions"}],"predecessor-version":[{"id":2055,"href":"https:\/\/parceriaeducativa.com.br\/index.php\/wp-json\/wp\/v2\/posts\/1982\/revisions\/2055"}],"wp:featuredmedia":[{"embeddable":true,"href":"https:\/\/parceriaeducativa.com.br\/index.php\/wp-json\/wp\/v2\/media\/1983"}],"wp:attachment":[{"href":"https:\/\/parceriaeducativa.com.br\/index.php\/wp-json\/wp\/v2\/media?parent=1982"}],"wp:term":[{"taxonomy":"category","embeddable":true,"href":"https:\/\/parceriaeducativa.com.br\/index.php\/wp-json\/wp\/v2\/categories?post=1982"},{"taxonomy":"post_tag","embeddable":true,"href":"https:\/\/parceriaeducativa.com.br\/index.php\/wp-json\/wp\/v2\/tags?post=1982"}],"curies":[{"name":"wp","href":"https:\/\/api.w.org\/{rel}","templated":true}]}}