{"id":1693,"date":"2024-09-11T09:42:30","date_gmt":"2024-09-11T12:42:30","guid":{"rendered":"https:\/\/parceriaeducativa.com.br\/?p=1693"},"modified":"2025-03-16T17:40:35","modified_gmt":"2025-03-16T20:40:35","slug":"atividade-para-o-dia-da-arvore","status":"publish","type":"post","link":"https:\/\/parceriaeducativa.com.br\/index.php\/2024\/09\/11\/atividade-para-o-dia-da-arvore\/","title":{"rendered":"Atividade para o Dia da \u00c1rvore"},"content":{"rendered":"<h2><span style=\"font-family: arial, helvetica, sans-serif; font-size: 14pt;\">Atividades para Educa\u00e7\u00e3o Infantil no Dia da \u00c1rvore<\/span><\/h2>\n<p><span style=\"font-family: arial, helvetica, sans-serif; font-size: 14pt;\">O Dia da \u00c1rvore, celebrado no Brasil em 21 de setembro, \u00e9 uma data importante para conscientizar as crian\u00e7as sobre a preserva\u00e7\u00e3o do meio ambiente e a import\u00e2ncia das \u00e1rvores para o planeta. Na educa\u00e7\u00e3o infantil, \u00e9 fundamental abordar esses temas de forma l\u00fadica e criativa, promovendo o aprendizado por meio de atividades que envolvam a imagina\u00e7\u00e3o e a pr\u00e1tica. Aqui est\u00e3o algumas sugest\u00f5es de atividades para trabalhar com as crian\u00e7as no Dia da \u00c1rvore.<\/span><\/p>\n<p><a href=\"https:\/\/parceriaeducativa.com.br\/wp-content\/uploads\/2024\/09\/CARTAZ-DIA-DA-ARVORE.jpg\" target=\"_blank\" rel=\"noopener\"><img loading=\"lazy\" decoding=\"async\" class=\"aligncenter\" src=\"https:\/\/parceriaeducativa.com.br\/wp-content\/uploads\/2024\/09\/CARTAZ-DIA-DA-ARVORE.jpg\" width=\"304\" height=\"405\" \/>Ap\u00f3s um passeio pela escola identificando as \u00e1rvores, tipos de folhas, flores, esse cartaz foi realizado com os alunos, recortei as folhas e eles colaram.<\/a><\/p>\n<h3><span style=\"font-family: arial, helvetica, sans-serif; font-size: 14pt;\">1. <strong>Plantio de Mudas<\/strong><\/span><\/h3>\n<p><span style=\"font-family: arial, helvetica, sans-serif; font-size: 14pt;\">Uma das atividades mais significativas para o Dia da \u00c1rvore \u00e9 o plantio de mudas. Organizar um momento onde as crian\u00e7as possam plantar uma \u00e1rvore ou uma planta em um espa\u00e7o da escola \u00e9 uma \u00f3tima forma de ensin\u00e1-las sobre o ciclo de vida das plantas e a import\u00e2ncia de cuidar do meio ambiente. Essa atividade tamb\u00e9m pode incluir discuss\u00f5es sobre os benef\u00edcios das \u00e1rvores, como a produ\u00e7\u00e3o de oxig\u00eanio, a sombra e os frutos.<\/span><\/p>\n<p><span style=\"font-family: arial, helvetica, sans-serif; font-size: 14pt;\"><strong>Material necess\u00e1rio:<\/strong><\/span><\/p>\n<ul>\n<li><span style=\"font-family: arial, helvetica, sans-serif; font-size: 14pt;\">Mudas de \u00e1rvores ou plantas;<\/span><\/li>\n<li><span style=\"font-family: arial, helvetica, sans-serif; font-size: 14pt;\">Pazinhas de jardinagem;<\/span><\/li>\n<li><span style=\"font-family: arial, helvetica, sans-serif; font-size: 14pt;\">Terra e adubo;<\/span><\/li>\n<li><span style=\"font-family: arial, helvetica, sans-serif; font-size: 14pt;\">Regadores.<\/span><\/li>\n<\/ul>\n<p><span style=\"font-family: arial, helvetica, sans-serif; font-size: 14pt;\"><strong>Dica:<\/strong> Incentive as crian\u00e7as a darem nomes \u00e0s mudas que plantarem, criando uma conex\u00e3o emocional com a planta e estimulando o cuidado di\u00e1rio.<\/span><\/p>\n<h3><span style=\"font-family: arial, helvetica, sans-serif; font-size: 14pt;\">2. <strong>Pintura e Desenho Tem\u00e1tico<\/strong><\/span><\/h3>\n<p><span style=\"font-family: arial, helvetica, sans-serif; font-size: 14pt;\">Explorar a criatividade das crian\u00e7as atrav\u00e9s de atividades de pintura e desenho \u00e9 uma excelente maneira de celebrar o Dia da \u00c1rvore. Proponha que elas desenhem suas \u00e1rvores favoritas ou que fa\u00e7am pinturas com tintas naturais feitas a partir de folhas e flores. Al\u00e9m de trabalhar a coordena\u00e7\u00e3o motora fina, essa atividade pode ser uma oportunidade para falar sobre a diversidade de \u00e1rvores e como cada uma tem caracter\u00edsticas \u00fanicas.<\/span><\/p>\n<p><span style=\"font-family: arial, helvetica, sans-serif; font-size: 14pt;\"><strong>Material necess\u00e1rio:<\/strong><\/span><\/p>\n<ul>\n<li><span style=\"font-family: arial, helvetica, sans-serif; font-size: 14pt;\">Folhas de papel;<\/span><\/li>\n<li><span style=\"font-family: arial, helvetica, sans-serif; font-size: 14pt;\">L\u00e1pis de cor, giz de cera e tintas;<\/span><\/li>\n<li><span style=\"font-family: arial, helvetica, sans-serif; font-size: 14pt;\">Elementos da natureza, como folhas, galhos e flores.<\/span><\/li>\n<\/ul>\n<h3><span style=\"font-family: arial, helvetica, sans-serif; font-size: 14pt;\">3. <strong>Confec\u00e7\u00e3o de \u00c1rvores com Materiais Recicl\u00e1veis<\/strong><\/span><\/h3>\n<p><span style=\"font-family: arial, helvetica, sans-serif; font-size: 14pt;\">Outra maneira interessante de abordar a quest\u00e3o da sustentabilidade \u00e9 a confec\u00e7\u00e3o de \u00e1rvores utilizando materiais recicl\u00e1veis. As crian\u00e7as podem usar rolos de papel higi\u00eanico, caixas de papel\u00e3o e garrafas PET para criar \u00e1rvores. Esse tipo de atividade ajuda a introduzir conceitos como reciclagem e reutiliza\u00e7\u00e3o de materiais, promovendo a conscientiza\u00e7\u00e3o ambiental de forma pr\u00e1tica e divertida.<\/span><\/p>\n<p><span style=\"font-family: arial, helvetica, sans-serif; font-size: 14pt;\"><strong>Material necess\u00e1rio:<\/strong><\/span><\/p>\n<ul>\n<li><span style=\"font-family: arial, helvetica, sans-serif; font-size: 14pt;\">Rolos de papel higi\u00eanico;<\/span><\/li>\n<li><span style=\"font-family: arial, helvetica, sans-serif; font-size: 14pt;\">Caixas de papel\u00e3o;<\/span><\/li>\n<li><span style=\"font-family: arial, helvetica, sans-serif; font-size: 14pt;\">Tesoura e cola;<\/span><\/li>\n<li><span style=\"font-family: arial, helvetica, sans-serif; font-size: 14pt;\">Folhas de revista ou jornal para as &#8220;folhas&#8221; da \u00e1rvore;<\/span><\/li>\n<li><span style=\"font-family: arial, helvetica, sans-serif; font-size: 14pt;\">Tintas para decora\u00e7\u00e3o.<\/span><\/li>\n<\/ul>\n<p><span style=\"font-family: arial, helvetica, sans-serif; font-size: 14pt;\"><strong>Dica:<\/strong> Ao final, monte uma &#8220;floresta&#8221; dentro da sala de aula, com todas as \u00e1rvores criadas pelas crian\u00e7as, e explique a import\u00e2ncia de preservar as florestas reais.<\/span><\/p>\n<h3><span style=\"font-family: arial, helvetica, sans-serif; font-size: 14pt;\">4. <strong>Conta\u00e7\u00e3o de Hist\u00f3rias sobre a Natureza<\/strong><\/span><\/h3>\n<p><span style=\"font-family: arial, helvetica, sans-serif; font-size: 14pt;\">A conta\u00e7\u00e3o de hist\u00f3rias \u00e9 uma ferramenta poderosa na educa\u00e7\u00e3o infantil. No Dia da \u00c1rvore, escolha hist\u00f3rias que falem sobre a preserva\u00e7\u00e3o da natureza, a import\u00e2ncia das \u00e1rvores e os animais que dependem delas. Livros como &#8220;O Homem que Plantava \u00c1rvores&#8221; de Jean Giono ou &#8220;A \u00c1rvore Generosa&#8221; de Shel Silverstein podem ser usados para incentivar reflex\u00f5es sobre o respeito \u00e0 natureza e o impacto positivo que podemos ter no meio ambiente.<\/span><\/p>\n<p><span style=\"font-family: arial, helvetica, sans-serif; font-size: 14pt;\"><strong>Dica:<\/strong> Ap\u00f3s a leitura, pe\u00e7a \u00e0s crian\u00e7as que compartilhem suas impress\u00f5es e fa\u00e7am desenhos sobre a hist\u00f3ria ou os personagens.<\/span><\/p>\n<h3><span style=\"font-family: arial, helvetica, sans-serif; font-size: 14pt;\">5. <strong>Passeio Ecol\u00f3gico<\/strong><\/span><\/h3>\n<p><span style=\"font-family: arial, helvetica, sans-serif; font-size: 14pt;\">Se a escola estiver localizada pr\u00f3xima a um parque ou \u00e1rea verde, organize um passeio ecol\u00f3gico. Durante a caminhada, as crian\u00e7as podem observar diferentes tipos de \u00e1rvores, folhas e flores, al\u00e9m de aprender sobre a fauna local. O passeio tamb\u00e9m pode incluir brincadeiras, como ca\u00e7a ao tesouro, onde as crian\u00e7as precisam encontrar elementos da natureza, como pedras, folhas ou sementes.<\/span><\/p>\n<p><span style=\"font-family: arial, helvetica, sans-serif; font-size: 14pt;\"><strong>Material necess\u00e1rio:<\/strong><\/span><\/p>\n<ul>\n<li><span style=\"font-family: arial, helvetica, sans-serif; font-size: 14pt;\">Fichas de observa\u00e7\u00e3o;<\/span><\/li>\n<li><span style=\"font-family: arial, helvetica, sans-serif; font-size: 14pt;\">Sacolinhas para coleta de itens (como folhas secas ou sementes);<\/span><\/li>\n<li><span style=\"font-family: arial, helvetica, sans-serif; font-size: 14pt;\">Lupa para observa\u00e7\u00e3o de pequenos detalhes da natureza.<\/span><\/li>\n<\/ul>\n<p><span style=\"font-family: arial, helvetica, sans-serif; font-size: 14pt;\"><strong>Dica:<\/strong> Antes do passeio, converse com as crian\u00e7as sobre a import\u00e2ncia de n\u00e3o prejudicar as plantas e de cuidar do meio ambiente durante a caminhada.<\/span><\/p>\n<h3><span style=\"font-family: arial, helvetica, sans-serif; font-size: 14pt;\">6. <strong>Mural Colaborativo &#8220;Nossa Floresta&#8221;<\/strong><\/span><\/h3>\n<p><span style=\"font-family: arial, helvetica, sans-serif; font-size: 14pt;\">Criar um mural coletivo na sala de aula pode ser uma \u00f3tima atividade para celebrar o Dia da \u00c1rvore. Cada crian\u00e7a pode contribuir desenhando ou colando elementos da natureza, como folhas ou imagens de \u00e1rvores, para formar uma grande floresta. Durante a atividade, o professor pode explicar o conceito de biodiversidade e a import\u00e2ncia de preservar os diferentes tipos de \u00e1rvores e plantas.<\/span><\/p>\n<p><span style=\"font-family: arial, helvetica, sans-serif; font-size: 14pt;\"><strong>Material necess\u00e1rio:<\/strong><\/span><\/p>\n<ul>\n<li><span style=\"font-family: arial, helvetica, sans-serif; font-size: 14pt;\">Papel Kraft para o mural;<\/span><\/li>\n<li><span style=\"font-family: arial, helvetica, sans-serif; font-size: 14pt;\">Tesoura e cola;<\/span><\/li>\n<li><span style=\"font-family: arial, helvetica, sans-serif; font-size: 14pt;\">Folhas, flores secas e recortes de revistas.<\/span><\/li>\n<\/ul>\n<h3><span style=\"font-family: arial, helvetica, sans-serif; font-size: 14pt;\">7. <strong>M\u00fasica e Poesia sobre a Natureza<\/strong><\/span><\/h3>\n<p><span style=\"font-family: arial, helvetica, sans-serif; font-size: 14pt;\">As crian\u00e7as adoram m\u00fasica, e a cria\u00e7\u00e3o de can\u00e7\u00f5es ou a declama\u00e7\u00e3o de poesias sobre a natureza pode ser uma forma envolvente de celebrar o Dia da \u00c1rvore. Proponha a cria\u00e7\u00e3o de uma m\u00fasica coletiva, onde cada crian\u00e7a sugira um verso relacionado \u00e0 import\u00e2ncia das \u00e1rvores. Al\u00e9m de ser uma atividade divertida, essa din\u00e2mica estimula a express\u00e3o oral e o trabalho em equipe.<\/span><\/p>\n<p><span style=\"font-family: arial, helvetica, sans-serif; font-size: 14pt;\"><strong>Dica:<\/strong> Utilize instrumentos musicais simples, como tambores ou chocalhos, feitos de materiais recicl\u00e1veis, para enriquecer a atividade.<\/span><\/p>\n<p><span style=\"font-family: arial, helvetica, sans-serif; font-size: 14pt;\">O Dia da \u00c1rvore \u00e9 uma oportunidade \u00fanica para trabalhar conceitos importantes como a preserva\u00e7\u00e3o ambiental, o respeito \u00e0 natureza e a sustentabilidade, desde cedo, com as crian\u00e7as. Atrav\u00e9s de atividades l\u00fadicas e educativas, \u00e9 poss\u00edvel sensibiliz\u00e1-las sobre o papel vital das \u00e1rvores em nossas vidas, incentivando atitudes conscientes que podem ser levadas para a vida toda.<\/span><\/p>\n","protected":false},"excerpt":{"rendered":"<p>Atividades para Educa\u00e7\u00e3o Infantil no Dia da \u00c1rvore O Dia da \u00c1rvore, celebrado no Brasil em 21 de setembro, \u00e9 uma data importante para conscientizar as crian\u00e7as sobre a preserva\u00e7\u00e3o do meio ambiente e a import\u00e2ncia das \u00e1rvores para o planeta. Na educa\u00e7\u00e3o infantil, \u00e9 fundamental abordar esses temas de forma l\u00fadica e criativa, promovendo&#8230;<\/p>\n","protected":false},"author":1,"featured_media":1694,"comment_status":"open","ping_status":"open","sticky":false,"template":"","format":"standard","meta":{"_kad_post_transparent":"default","_kad_post_title":"default","_kad_post_layout":"default","_kad_post_sidebar_id":"","_kad_post_content_style":"default","_kad_post_vertical_padding":"default","_kad_post_feature":"","_kad_post_feature_position":"","_kad_post_header":false,"_kad_post_footer":false,"footnotes":""},"categories":[3],"tags":[326,327,325],"yoast_head":"<!-- This site is optimized with the Yoast SEO plugin v22.3 - https:\/\/yoast.com\/wordpress\/plugins\/seo\/ -->\n<title>Atividade para o Dia da \u00c1rvore -<\/title>\n<meta name=\"description\" content=\"Atividades para Educa\u00e7\u00e3o Infantil no Dia da \u00c1rvore O Dia da \u00c1rvore, celebrado no Brasil em 21 de setembro, \u00e9 uma data importante para ...\" \/>\n<meta name=\"robots\" content=\"index, follow, max-snippet:-1, max-image-preview:large, max-video-preview:-1\" \/>\n<link rel=\"canonical\" href=\"https:\/\/parceriaeducativa.com.br\/index.php\/2024\/09\/11\/atividade-para-o-dia-da-arvore\/\" \/>\n<meta property=\"og:locale\" content=\"pt_BR\" \/>\n<meta property=\"og:type\" content=\"article\" \/>\n<meta property=\"og:title\" content=\"Atividade para o Dia da \u00c1rvore -\" \/>\n<meta property=\"og:description\" content=\"Atividades para Educa\u00e7\u00e3o Infantil no Dia da \u00c1rvore O Dia da \u00c1rvore, celebrado no Brasil em 21 de setembro, \u00e9 uma data importante para ...\" \/>\n<meta property=\"og:url\" content=\"https:\/\/parceriaeducativa.com.br\/index.php\/2024\/09\/11\/atividade-para-o-dia-da-arvore\/\" \/>\n<meta property=\"article:published_time\" content=\"2024-09-11T12:42:30+00:00\" \/>\n<meta property=\"article:modified_time\" content=\"2025-03-16T20:40:35+00:00\" \/>\n<meta property=\"og:image\" content=\"https:\/\/parceriaeducativa.com.br\/wp-content\/uploads\/2024\/09\/CARTAZ-DIA-DA-ARVORE.jpg\" \/>\n\t<meta property=\"og:image:width\" content=\"1200\" \/>\n\t<meta property=\"og:image:height\" content=\"1600\" \/>\n\t<meta property=\"og:image:type\" content=\"image\/jpeg\" \/>\n<meta name=\"author\" content=\"ParceriaEducativa\" \/>\n<meta name=\"twitter:card\" content=\"summary_large_image\" \/>\n<meta name=\"twitter:label1\" content=\"Escrito por\" \/>\n\t<meta name=\"twitter:data1\" content=\"ParceriaEducativa\" \/>\n\t<meta name=\"twitter:label2\" content=\"Est. tempo de leitura\" \/>\n\t<meta name=\"twitter:data2\" content=\"6 minutos\" \/>\n<script type=\"application\/ld+json\" class=\"yoast-schema-graph\">{\"@context\":\"https:\/\/schema.org\",\"@graph\":[{\"@type\":\"WebPage\",\"@id\":\"https:\/\/parceriaeducativa.com.br\/index.php\/2024\/09\/11\/atividade-para-o-dia-da-arvore\/\",\"url\":\"https:\/\/parceriaeducativa.com.br\/index.php\/2024\/09\/11\/atividade-para-o-dia-da-arvore\/\",\"name\":\"Atividade para o Dia da \u00c1rvore -\",\"isPartOf\":{\"@id\":\"https:\/\/parceriaeducativa.com.br\/#website\"},\"primaryImageOfPage\":{\"@id\":\"https:\/\/parceriaeducativa.com.br\/index.php\/2024\/09\/11\/atividade-para-o-dia-da-arvore\/#primaryimage\"},\"image\":{\"@id\":\"https:\/\/parceriaeducativa.com.br\/index.php\/2024\/09\/11\/atividade-para-o-dia-da-arvore\/#primaryimage\"},\"thumbnailUrl\":\"https:\/\/parceriaeducativa.com.br\/wp-content\/uploads\/2024\/09\/CARTAZ-DIA-DA-ARVORE.jpg\",\"datePublished\":\"2024-09-11T12:42:30+00:00\",\"dateModified\":\"2025-03-16T20:40:35+00:00\",\"author\":{\"@id\":\"https:\/\/parceriaeducativa.com.br\/#\/schema\/person\/dc768bba6d4975fc0d46d74a5d617799\"},\"description\":\"Atividades para Educa\u00e7\u00e3o Infantil no Dia da \u00c1rvore O Dia da \u00c1rvore, celebrado no Brasil em 21 de setembro, \u00e9 uma data importante para ...\",\"breadcrumb\":{\"@id\":\"https:\/\/parceriaeducativa.com.br\/index.php\/2024\/09\/11\/atividade-para-o-dia-da-arvore\/#breadcrumb\"},\"inLanguage\":\"pt-BR\",\"potentialAction\":[{\"@type\":\"ReadAction\",\"target\":[\"https:\/\/parceriaeducativa.com.br\/index.php\/2024\/09\/11\/atividade-para-o-dia-da-arvore\/\"]}]},{\"@type\":\"ImageObject\",\"inLanguage\":\"pt-BR\",\"@id\":\"https:\/\/parceriaeducativa.com.br\/index.php\/2024\/09\/11\/atividade-para-o-dia-da-arvore\/#primaryimage\",\"url\":\"https:\/\/parceriaeducativa.com.br\/wp-content\/uploads\/2024\/09\/CARTAZ-DIA-DA-ARVORE.jpg\",\"contentUrl\":\"https:\/\/parceriaeducativa.com.br\/wp-content\/uploads\/2024\/09\/CARTAZ-DIA-DA-ARVORE.jpg\",\"width\":1200,\"height\":1600},{\"@type\":\"BreadcrumbList\",\"@id\":\"https:\/\/parceriaeducativa.com.br\/index.php\/2024\/09\/11\/atividade-para-o-dia-da-arvore\/#breadcrumb\",\"itemListElement\":[{\"@type\":\"ListItem\",\"position\":1,\"name\":\"In\u00edcio\",\"item\":\"https:\/\/parceriaeducativa.com.br\/\"},{\"@type\":\"ListItem\",\"position\":2,\"name\":\"Atividade para o Dia da \u00c1rvore\"}]},{\"@type\":\"WebSite\",\"@id\":\"https:\/\/parceriaeducativa.com.br\/#website\",\"url\":\"https:\/\/parceriaeducativa.com.br\/\",\"name\":\"\",\"description\":\"Site com atividades para pais e professores, com dicas e metodologias que v\u00e3o envolver as crian\u00e7as na aprendizagem de forma simples e did\u00e1tica.\",\"potentialAction\":[{\"@type\":\"SearchAction\",\"target\":{\"@type\":\"EntryPoint\",\"urlTemplate\":\"https:\/\/parceriaeducativa.com.br\/?s={search_term_string}\"},\"query-input\":\"required name=search_term_string\"}],\"inLanguage\":\"pt-BR\"},{\"@type\":\"Person\",\"@id\":\"https:\/\/parceriaeducativa.com.br\/#\/schema\/person\/dc768bba6d4975fc0d46d74a5d617799\",\"name\":\"ParceriaEducativa\",\"image\":{\"@type\":\"ImageObject\",\"inLanguage\":\"pt-BR\",\"@id\":\"https:\/\/parceriaeducativa.com.br\/#\/schema\/person\/image\/\",\"url\":\"https:\/\/parceriaeducativa.com.br\/wp-content\/uploads\/2025\/03\/foto-estante-magica-150x150.jpg\",\"contentUrl\":\"https:\/\/parceriaeducativa.com.br\/wp-content\/uploads\/2025\/03\/foto-estante-magica-150x150.jpg\",\"caption\":\"ParceriaEducativa\"},\"description\":\"Ol\u00e1! Meu nome \u00e9 K\u00eaila, sou uma professora, apaixonada pela educa\u00e7\u00e3o infantil, com mais de 15 anos de experi\u00eancia dedicada ao desenvolvimento pleno das crian\u00e7as. Sou p\u00f3s-graduada em Psicopedagogia e Neuropsicopedagogia, \u00e1reas que considero fundamentais para compreender as diferentes necessidades e potenciais de cada crian\u00e7a. Minha forma\u00e7\u00e3o cont\u00ednua reflete meu compromisso em oferecer uma educa\u00e7\u00e3o de qualidade, alinhada \u00e0s mais recentes pesquisas e metodologias. Acredito que a educa\u00e7\u00e3o infantil \u00e9 a base para o sucesso futuro, e meu papel \u00e9 criar um ambiente favor\u00e1vel ao crescimento integral de cada crian\u00e7a, respeitando suas peculiaridades. Criei esse site para toca de experi\u00eancias e viv\u00eancias e fique \u00e0 vontade para entrar em contato comigo atrav\u00e9s dos coment\u00e1rios ou pelo e-mail parceriaeducativa5@gmail.com, estou ansiosa para te conhecer e formar uma parceria educativa significativa.\",\"sameAs\":[\"https:\/\/parceriaeducativa.com.br\",\"https:\/\/br.pinterest.com\/parceriaeducativa\/\"],\"url\":\"https:\/\/parceriaeducativa.com.br\/index.php\/author\/parceriaeducativa\/\"}]}<\/script>\n<!-- \/ Yoast SEO plugin. -->","yoast_head_json":{"title":"Atividade para o Dia da \u00c1rvore -","description":"Atividades para Educa\u00e7\u00e3o Infantil no Dia da \u00c1rvore O Dia da \u00c1rvore, celebrado no Brasil em 21 de setembro, \u00e9 uma data importante para ...","robots":{"index":"index","follow":"follow","max-snippet":"max-snippet:-1","max-image-preview":"max-image-preview:large","max-video-preview":"max-video-preview:-1"},"canonical":"https:\/\/parceriaeducativa.com.br\/index.php\/2024\/09\/11\/atividade-para-o-dia-da-arvore\/","og_locale":"pt_BR","og_type":"article","og_title":"Atividade para o Dia da \u00c1rvore -","og_description":"Atividades para Educa\u00e7\u00e3o Infantil no Dia da \u00c1rvore O Dia da \u00c1rvore, celebrado no Brasil em 21 de setembro, \u00e9 uma data importante para ...","og_url":"https:\/\/parceriaeducativa.com.br\/index.php\/2024\/09\/11\/atividade-para-o-dia-da-arvore\/","article_published_time":"2024-09-11T12:42:30+00:00","article_modified_time":"2025-03-16T20:40:35+00:00","og_image":[{"width":1200,"height":1600,"url":"https:\/\/parceriaeducativa.com.br\/wp-content\/uploads\/2024\/09\/CARTAZ-DIA-DA-ARVORE.jpg","type":"image\/jpeg"}],"author":"ParceriaEducativa","twitter_card":"summary_large_image","twitter_misc":{"Escrito por":"ParceriaEducativa","Est. tempo de leitura":"6 minutos"},"schema":{"@context":"https:\/\/schema.org","@graph":[{"@type":"WebPage","@id":"https:\/\/parceriaeducativa.com.br\/index.php\/2024\/09\/11\/atividade-para-o-dia-da-arvore\/","url":"https:\/\/parceriaeducativa.com.br\/index.php\/2024\/09\/11\/atividade-para-o-dia-da-arvore\/","name":"Atividade para o Dia da \u00c1rvore -","isPartOf":{"@id":"https:\/\/parceriaeducativa.com.br\/#website"},"primaryImageOfPage":{"@id":"https:\/\/parceriaeducativa.com.br\/index.php\/2024\/09\/11\/atividade-para-o-dia-da-arvore\/#primaryimage"},"image":{"@id":"https:\/\/parceriaeducativa.com.br\/index.php\/2024\/09\/11\/atividade-para-o-dia-da-arvore\/#primaryimage"},"thumbnailUrl":"https:\/\/parceriaeducativa.com.br\/wp-content\/uploads\/2024\/09\/CARTAZ-DIA-DA-ARVORE.jpg","datePublished":"2024-09-11T12:42:30+00:00","dateModified":"2025-03-16T20:40:35+00:00","author":{"@id":"https:\/\/parceriaeducativa.com.br\/#\/schema\/person\/dc768bba6d4975fc0d46d74a5d617799"},"description":"Atividades para Educa\u00e7\u00e3o Infantil no Dia da \u00c1rvore O Dia da \u00c1rvore, celebrado no Brasil em 21 de setembro, \u00e9 uma data importante para ...","breadcrumb":{"@id":"https:\/\/parceriaeducativa.com.br\/index.php\/2024\/09\/11\/atividade-para-o-dia-da-arvore\/#breadcrumb"},"inLanguage":"pt-BR","potentialAction":[{"@type":"ReadAction","target":["https:\/\/parceriaeducativa.com.br\/index.php\/2024\/09\/11\/atividade-para-o-dia-da-arvore\/"]}]},{"@type":"ImageObject","inLanguage":"pt-BR","@id":"https:\/\/parceriaeducativa.com.br\/index.php\/2024\/09\/11\/atividade-para-o-dia-da-arvore\/#primaryimage","url":"https:\/\/parceriaeducativa.com.br\/wp-content\/uploads\/2024\/09\/CARTAZ-DIA-DA-ARVORE.jpg","contentUrl":"https:\/\/parceriaeducativa.com.br\/wp-content\/uploads\/2024\/09\/CARTAZ-DIA-DA-ARVORE.jpg","width":1200,"height":1600},{"@type":"BreadcrumbList","@id":"https:\/\/parceriaeducativa.com.br\/index.php\/2024\/09\/11\/atividade-para-o-dia-da-arvore\/#breadcrumb","itemListElement":[{"@type":"ListItem","position":1,"name":"In\u00edcio","item":"https:\/\/parceriaeducativa.com.br\/"},{"@type":"ListItem","position":2,"name":"Atividade para o Dia da \u00c1rvore"}]},{"@type":"WebSite","@id":"https:\/\/parceriaeducativa.com.br\/#website","url":"https:\/\/parceriaeducativa.com.br\/","name":"","description":"Site com atividades para pais e professores, com dicas e metodologias que v\u00e3o envolver as crian\u00e7as na aprendizagem de forma simples e did\u00e1tica.","potentialAction":[{"@type":"SearchAction","target":{"@type":"EntryPoint","urlTemplate":"https:\/\/parceriaeducativa.com.br\/?s={search_term_string}"},"query-input":"required name=search_term_string"}],"inLanguage":"pt-BR"},{"@type":"Person","@id":"https:\/\/parceriaeducativa.com.br\/#\/schema\/person\/dc768bba6d4975fc0d46d74a5d617799","name":"ParceriaEducativa","image":{"@type":"ImageObject","inLanguage":"pt-BR","@id":"https:\/\/parceriaeducativa.com.br\/#\/schema\/person\/image\/","url":"https:\/\/parceriaeducativa.com.br\/wp-content\/uploads\/2025\/03\/foto-estante-magica-150x150.jpg","contentUrl":"https:\/\/parceriaeducativa.com.br\/wp-content\/uploads\/2025\/03\/foto-estante-magica-150x150.jpg","caption":"ParceriaEducativa"},"description":"Ol\u00e1! Meu nome \u00e9 K\u00eaila, sou uma professora, apaixonada pela educa\u00e7\u00e3o infantil, com mais de 15 anos de experi\u00eancia dedicada ao desenvolvimento pleno das crian\u00e7as. Sou p\u00f3s-graduada em Psicopedagogia e Neuropsicopedagogia, \u00e1reas que considero fundamentais para compreender as diferentes necessidades e potenciais de cada crian\u00e7a. Minha forma\u00e7\u00e3o cont\u00ednua reflete meu compromisso em oferecer uma educa\u00e7\u00e3o de qualidade, alinhada \u00e0s mais recentes pesquisas e metodologias. Acredito que a educa\u00e7\u00e3o infantil \u00e9 a base para o sucesso futuro, e meu papel \u00e9 criar um ambiente favor\u00e1vel ao crescimento integral de cada crian\u00e7a, respeitando suas peculiaridades. Criei esse site para toca de experi\u00eancias e viv\u00eancias e fique \u00e0 vontade para entrar em contato comigo atrav\u00e9s dos coment\u00e1rios ou pelo e-mail parceriaeducativa5@gmail.com, estou ansiosa para te conhecer e formar uma parceria educativa significativa.","sameAs":["https:\/\/parceriaeducativa.com.br","https:\/\/br.pinterest.com\/parceriaeducativa\/"],"url":"https:\/\/parceriaeducativa.com.br\/index.php\/author\/parceriaeducativa\/"}]}},"_links":{"self":[{"href":"https:\/\/parceriaeducativa.com.br\/index.php\/wp-json\/wp\/v2\/posts\/1693"}],"collection":[{"href":"https:\/\/parceriaeducativa.com.br\/index.php\/wp-json\/wp\/v2\/posts"}],"about":[{"href":"https:\/\/parceriaeducativa.com.br\/index.php\/wp-json\/wp\/v2\/types\/post"}],"author":[{"embeddable":true,"href":"https:\/\/parceriaeducativa.com.br\/index.php\/wp-json\/wp\/v2\/users\/1"}],"replies":[{"embeddable":true,"href":"https:\/\/parceriaeducativa.com.br\/index.php\/wp-json\/wp\/v2\/comments?post=1693"}],"version-history":[{"count":4,"href":"https:\/\/parceriaeducativa.com.br\/index.php\/wp-json\/wp\/v2\/posts\/1693\/revisions"}],"predecessor-version":[{"id":1698,"href":"https:\/\/parceriaeducativa.com.br\/index.php\/wp-json\/wp\/v2\/posts\/1693\/revisions\/1698"}],"wp:featuredmedia":[{"embeddable":true,"href":"https:\/\/parceriaeducativa.com.br\/index.php\/wp-json\/wp\/v2\/media\/1694"}],"wp:attachment":[{"href":"https:\/\/parceriaeducativa.com.br\/index.php\/wp-json\/wp\/v2\/media?parent=1693"}],"wp:term":[{"taxonomy":"category","embeddable":true,"href":"https:\/\/parceriaeducativa.com.br\/index.php\/wp-json\/wp\/v2\/categories?post=1693"},{"taxonomy":"post_tag","embeddable":true,"href":"https:\/\/parceriaeducativa.com.br\/index.php\/wp-json\/wp\/v2\/tags?post=1693"}],"curies":[{"name":"wp","href":"https:\/\/api.w.org\/{rel}","templated":true}]}}